{
    "id": 31943,
    "date": "2026-09-02T00:15:37",
    "date_gmt": "2026-09-02T00:15:37",
    "guid": {
        "rendered": "https:\/\/mobtakeron.com.sa\/?p=31943"
    },
    "modified": "2026-09-02T00:17:38",
    "modified_gmt": "2026-09-02T00:17:38",
    "slug": "divorciado-ou-casado-a-verdade-sobre-ricardo-2",
    "status": "publish",
    "type": "post",
    "link": "https:\/\/www.mobtakeron.com.sa\/en\/divorciado-ou-casado-a-verdade-sobre-ricardo-2\/",
    "title": {
        "rendered": "Divorciado ou Casado, a Verdade sobre Ricardo Ara\u00fajo Pereira"
    },
    "content": {
        "rendered": "<h1>Divorciado ou Casado, a Verdade sobre Ricardo Ara\u00fajo Pereira<\/h1>\n<p>Raros comediantes conseguiram o reconhecimento que Ricardo Ara\u00fajo Pereira edificou ao longo de d\u00e9cadas. Nascido em Lisboa, desde jovem demonstrou um talento raro para o humor. Este artigo agrega os pontos-chave sobre a sua trajet\u00f3ria \u00edntima e profissional, sem esquecer as curiosidades que mais geram a aten\u00e7\u00e3o dos leitores.<\/p>\n<p>O seu estilo assenta na arg\u00facia do texto e numa an\u00e1lise aguda da realidade do pa\u00eds. Formado em Comunica\u00e7\u00e3o Social, deu os primeiros passos no meio jornal\u00edstico antes de se entregar ao stand up. Desde o in\u00edcio no meio liter\u00e1rio, a sua escrita sobressaiu pela originalidade. Em baixo, analisamos as dimens\u00f5es mais marcantes da sua figura p\u00fablica.<\/p>\n<h2>A procura por bilhetes de maior procura dos seus espet\u00e1culos ao vivo<\/h2>\n<p>Quando apresenta uma nova tourn\u00e9e, a procura dispara. V\u00e1rios admiradores interrogam-se que quantidade de lugares j\u00e1 foram comprados em minutos. O dado confirma a dimens\u00e3o comercial que o comediante simboliza em todo o pa\u00eds. N\u00e3o \u00e9 raro que as sess\u00f5es fiquem lotadas em tempo recorde.<\/p>\n<p>Para quem quer aprofundar interessados em compreender a efetiva dimens\u00e3o deste sucesso de vendas, \u00e9 aconselh\u00e1vel consultar tudo sobre a estreia de Ricardo Ara\u00fajo Pereira nos palcos. De antem\u00e3o de garantir a sua entrada, os interessados costumam procurar dados confi\u00e1vel e podem <a href=\"https:\/\/znaki.fm\/pt\/persons\/ricardo-araujo-pereira\/\">a rubrica de Ricardo Ara\u00fajo Pereira na R\u00e1dio Comercial todas as manh\u00e3s<\/a> com toda a comodidade.<\/p>\n<h2>Quem \u00e9 a esposa do humorista<\/h2>\n<p>O quotidiano privado do comediante \u00e9 reservado. A sua mulher, Maria Jos\u00e9, trabalha por tr\u00e1s das c\u00e2maras do espet\u00e1culo. Os dois partilham um percurso afastada do escrut\u00ednio p\u00fablico.<\/p>\n<p>N\u00e3o surpreende que Ao contr\u00e1rio de outras figuras p\u00fablicas, a uni\u00e3o com a esposa poucas vezes aparece nos meios. Foi na companhia dela que Ricardo Artur de Ara\u00fajo Pereira criou um n\u00facleo s\u00f3lido, mantendo-a de forma coerente da press\u00e3o medi\u00e1tico.<\/p>\n<h2>A estatura e outros dados segundo as fichas biogr\u00e1ficas<\/h2>\n<p>Entre as curiosidades mais pesquisadas na internet diz respeito \u00e0 estatura do comediante. Segundo os registos de refer\u00eancia como o IMDb, estas informa\u00e7\u00f5es costumam figurar dispon\u00edveis de forma aberta.<\/p>\n<p>H\u00e1 quem defenda que Contudo, vale notar que por vezes estas medidas surgem inteiramente validados pela fonte oficial. O foco dos f\u00e3s continua, tanto pela obra seja pela vontade de saber. No essencial, s\u00e3o a s\u00e1tira e a intelig\u00eancia que caracterizam o artista.<\/p>\n<h2>As fotografias dos bastidores e a presen\u00e7a p\u00fablica<\/h2>\n<p>As fotografias mais atuais do artista revelam uma figura tranquilo perante o p\u00fablico. Nos bastidores, a imagem \u00e9 a de um algu\u00e9m cuidadoso com cada detalhe.<\/p>\n<p>H\u00e1 quem defenda que Ao longo do percurso, juntou momentos inesquec\u00edveis nos palcos. Dentre os projetos que conhecidos, avultam:<\/p>\n<ul>\n<li>O espa\u00e7o &#8220;Mix\u00f3rdia de Tem\u00e1ticas&#8221; na r\u00e1dio<\/li>\n<li>As cr\u00f3nicas na revista Vis\u00e3o<\/li>\n<li>O trabalho em formatos sat\u00edricos<\/li>\n<li>Os shows de com\u00e9dia ao vivo pelo pa\u00eds<\/li>\n<\/ul>\n<h2>Afinal ser\u00e1 que \u00e9 separado ou casado<\/h2>\n<p>Uma d\u00favidas frequentemente aparece junto de o p\u00fablico \u00e9 saber se o artista est\u00e1 divorciado. A verdade \u00e9 que a sua vida conjugal raramente vem a p\u00fablico.<\/p>\n<p>Importa notar que Por op\u00e7\u00e3o, preserva a fam\u00edlia a salvo do ru\u00eddo medi\u00e1tico. Comenta-se com frequ\u00eancia, mas poucas certezas h\u00e1 de forma oficial. Essa reserva faz parte da maneira de ser longe do palco.<\/p>\n<h2>As crian\u00e7as e a fam\u00edlia reservada<\/h2>\n<p>As crian\u00e7as representam a mais profunda fonte de orgulho deste pai reservado. Comenta-se que ambas as descendentes teriam estudado no estrangeiro, se bem que o comediante proteja esses detalhes.<\/p>\n<p>Curiosamente, O resguardo representa uma constante no lar de Ricardo Artur de Ara\u00fajo Pereira. Ao contr\u00e1rio da cena, onde se destaca, a esfera dom\u00e9stico permanece \u00e0 margem dos olhares dos media. No seu entender, a fam\u00edlia representa um ref\u00fagio.<\/p>\n<h2>Os espet\u00e1culos na Meo Arena e nas grandes salas<\/h2>\n<p>Poucos humoristas portugueses preenchem recintos do porte da Altice Arena. Sempre que Ricardo Ara\u00fajo Pereira sobe ao palco da MEO Arena em Lisboa, a antecipa\u00e7\u00e3o fica not\u00e1vel.<\/p>\n<p>Importa notar que A tourn\u00e9e pelo pa\u00eds habitua-se a seguir um itiner\u00e1rio conhecido. De maneira resumida, uma atua\u00e7\u00e3o t\u00edpico desenrola-se por esta ordem:<\/p>\n<ol>\n<li>Arranque com apontamentos sobre o dia a dia<\/li>\n<li>Desenvolvimento de assuntos pol\u00edticos<\/li>\n<li>Di\u00e1logo com o p\u00fablico<\/li>\n<li>Remate com os apontamentos mais fortes<\/li>\n<\/ol>\n<h2>A a\u00e7\u00e3o judicial dos irm\u00e3os Anjos e a esfera p\u00fablica<\/h2>\n<p>A refer\u00eancia da dupla conhecido Anjos ficou associado no contexto de uma a\u00e7\u00e3o judicial que ro\u00e7ou de forma lateral o c\u00edrculo do humor. O tema provocou alguma curiosidade p\u00fablica.<\/p>\n<p>Curiosamente, \u00c9 justo real\u00e7ar que o comediante nunca foi acusado judicialmente pelas suas piadas. A liberdade de express\u00e3o tem sido uma base do seu registo. \u00c9 precisamente essa ousadia que fideliza a plateia.<\/p>\n<h2>O primeiro show a solo do comediante<\/h2>\n<p>O estreante trabalho em nome pr\u00f3prio assinalou uma etapa determinante na carreira do comediante. Da\u00ed em diante, atua com frequ\u00eancia em salas de norte a sul. Essa estreia serviu de base a a mais not\u00e1veis trajet\u00f3rias do humor nacional.<\/p>\n<h2>As atua\u00e7\u00f5es no Porto e a liga\u00e7\u00e3o ao p\u00fablico nortenho<\/h2>\n<p>Na segunda maior cidade, por exemplo, leva o seu espet\u00e1culo \u00e0 Super Bock Arena sempre que a itiner\u00e2ncia o possibilita. O v\u00ednculo com a plateia do Porto \u00e9 s\u00f3lida. Conhecida \u00e9 ainda a devo\u00e7\u00e3o pela sua equipa, tema que por vezes d\u00e1 origem a a sua com\u00e9dia.<\/p>\n<p>Em s\u00edntese, o comediante minhoto afirmou-se como a figuras de maior peso no marcantes da s\u00e1tira em Portugal. Entre a arg\u00facia da escrita e a proximidade com o p\u00fablico, a sua obra permanece vivo, cativando mais admiradores em cada temporada.<\/p>",
        "protected": false
    },
    "excerpt": {
        "rendered": "<p>Divorciado ou Casado, a Verdade sobre Ricardo Ara\u00fajo Pereira Raros comediantes conseguiram o reconhecimento que Ricardo Ara\u00fajo Pereira edificou ao longo de d\u00e9cadas. Nascido em Lisboa, desde jovem demonstrou um talento raro para o humor. Este artigo agrega os pontos-chave sobre a sua trajet\u00f3ria \u00edntima e profissional, sem esquecer as curiosidades que mais geram a [&hellip;]<\/p>",
        "protected": false
    },
    "author": 4,
    "featured_media": 0,
    "comment_status": "open",
    "ping_status": "open",
    "sticky": false,
    "template": "",
    "format": "standard",
    "meta": {
        "footnotes": ""
    },
    "categories": [
        5
    ],
    "tags": [],
    "class_list": [
        "post-31943",
        "post",
        "type-post",
        "status-publish",
        "format-standard",
        "hentry",
        "category-blog"
    ],
    "blocksy_meta": [],
    "_links": {
        "self": [
            {
                "href": "https:\/\/www.mobtakeron.com.sa\/en\/wp-json\/wp\/v2\/posts\/31943",
                "targetHints": {
                    "allow": [
                        "GET"
                    ]
                }
            }
        ],
        "collection": [
            {
                "href": "https:\/\/www.mobtakeron.com.sa\/en\/wp-json\/wp\/v2\/posts"
            }
        ],
        "about": [
            {
                "href": "https:\/\/www.mobtakeron.com.sa\/en\/wp-json\/wp\/v2\/types\/post"
            }
        ],
        "author": [
            {
                "embeddable": true,
                "href": "https:\/\/www.mobtakeron.com.sa\/en\/wp-json\/wp\/v2\/users\/4"
            }
        ],
        "replies": [
            {
                "embeddable": true,
                "href": "https:\/\/www.mobtakeron.com.sa\/en\/wp-json\/wp\/v2\/comments?post=31943"
            }
        ],
        "version-history": [
            {
                "count": 1,
                "href": "https:\/\/www.mobtakeron.com.sa\/en\/wp-json\/wp\/v2\/posts\/31943\/revisions"
            }
        ],
        "predecessor-version": [
            {
                "id": 31944,
                "href": "https:\/\/www.mobtakeron.com.sa\/en\/wp-json\/wp\/v2\/posts\/31943\/revisions\/31944"
            }
        ],
        "wp:attachment": [
            {
                "href": "https:\/\/www.mobtakeron.com.sa\/en\/wp-json\/wp\/v2\/media?parent=31943"
            }
        ],
        "wp:term": [
            {
                "taxonomy": "category",
                "embeddable": true,
                "href": "https:\/\/www.mobtakeron.com.sa\/en\/wp-json\/wp\/v2\/categories?post=31943"
            },
            {
                "taxonomy": "post_tag",
                "embeddable": true,
                "href": "https:\/\/www.mobtakeron.com.sa\/en\/wp-json\/wp\/v2\/tags?post=31943"
            }
        ],
        "curies": [
            {
                "name": "wp",
                "href": "https:\/\/api.w.org\/{rel}",
                "templated": true
            }
        ]
    }
}